{"id":6528,"date":"2026-04-23T08:37:43","date_gmt":"2026-04-23T11:37:43","guid":{"rendered":"https:\/\/advocaciaph.com.br\/?p=6528"},"modified":"2026-04-23T08:37:43","modified_gmt":"2026-04-23T11:37:43","slug":"cabe-a-justica-federal-julgar-disputa-entre-particulares-por-imovel-reivindicado-por-quilombolas","status":"publish","type":"post","link":"https:\/\/advocaciaph.com.br\/?p=6528","title":{"rendered":"Cabe \u00e0 Justi\u00e7a Federal julgar disputa entre particulares por im\u00f3vel reivindicado por quilombolas"},"content":{"rendered":"<p>A presen\u00e7a de remanescentes de comunidades quilombolas em \u00e1rea sob disputa de particulares acarreta o interesse jur\u00eddico do Incra, o que imp\u00f5e a compet\u00eancia federal para julgamento do caso.<\/p>","protected":false},"excerpt":{"rendered":"<p>A presen\u00e7a de remanescentes de comunidades quilombolas em \u00e1rea sob disputa de particulares acarreta o interesse jur\u00eddico do Incra, o que imp\u00f5e a compet\u00eancia federal para julgamento do caso.<\/p>\n","protected":false},"author":2,"featured_media":0,"comment_status":"open","ping_status":"open","sticky":false,"template":"","format":"standard","meta":{"_joinchat":[],"footnotes":""},"categories":[11,9],"tags":[],"class_list":["post-6528","post","type-post","status-publish","format-standard","hentry","category-blog","category-stj"],"_links":{"self":[{"href":"https:\/\/advocaciaph.com.br\/index.php?rest_route=\/wp\/v2\/posts\/6528","targetHints":{"allow":["GET"]}}],"collection":[{"href":"https:\/\/advocaciaph.com.br\/index.php?rest_route=\/wp\/v2\/posts"}],"about":[{"href":"https:\/\/advocaciaph.com.br\/index.php?rest_route=\/wp\/v2\/types\/post"}],"author":[{"embeddable":true,"href":"https:\/\/advocaciaph.com.br\/index.php?rest_route=\/wp\/v2\/users\/2"}],"replies":[{"embeddable":true,"href":"https:\/\/advocaciaph.com.br\/index.php?rest_route=%2Fwp%2Fv2%2Fcomments&post=6528"}],"version-history":[{"count":0,"href":"https:\/\/advocaciaph.com.br\/index.php?rest_route=\/wp\/v2\/posts\/6528\/revisions"}],"wp:attachment":[{"href":"https:\/\/advocaciaph.com.br\/index.php?rest_route=%2Fwp%2Fv2%2Fmedia&parent=6528"}],"wp:term":[{"taxonomy":"category","embeddable":true,"href":"https:\/\/advocaciaph.com.br\/index.php?rest_route=%2Fwp%2Fv2%2Fcategories&post=6528"},{"taxonomy":"post_tag","embeddable":true,"href":"https:\/\/advocaciaph.com.br\/index.php?rest_route=%2Fwp%2Fv2%2Ftags&post=6528"}],"curies":[{"name":"wp","href":"https:\/\/api.w.org\/{rel}","templated":true}]}}